{"id":1261,"date":"2025-02-03T14:19:44","date_gmt":"2025-02-03T14:19:44","guid":{"rendered":"https:\/\/www.lechenicher-narrenzunft.de\/?p=1261"},"modified":"2025-02-03T14:21:26","modified_gmt":"2025-02-03T14:21:26","slug":"lnz-kindersitzung","status":"publish","type":"post","link":"https:\/\/www.lechenicher-narrenzunft.de\/index.php\/2025\/02\/03\/lnz-kindersitzung\/","title":{"rendered":"LNZ-Kindersitzung"},"content":{"rendered":"\t\t<div data-elementor-type=\"wp-post\" data-elementor-id=\"1261\" class=\"elementor elementor-1261\" data-elementor-post-type=\"post\">\n\t\t\t\t<div class=\"elementor-element elementor-element-64867bb e-grid e-con-boxed e-con e-parent\" data-id=\"64867bb\" data-element_type=\"container\">\n\t\t\t\t\t<div class=\"e-con-inner\">\n\t\t\t\t<div class=\"elementor-element elementor-element-a623748 elementor-widget elementor-widget-text-editor\" data-id=\"a623748\" data-element_type=\"widget\" data-widget_type=\"text-editor.default\">\n\t\t\t\t<div class=\"elementor-widget-container\">\n\t\t\t\t\t\t\t\t\t<p>Die Sitzungspr\u00e4sidentinnen Maja Rader und Lena Metzmacher (v.l.) bei der Begr\u00fc\u00dfung der rappelvollen Aula<\/p><p><strong>\u201eDeb\u00fctveranstaltung\u201c der neuen Pr\u00e4sidentinnen erfolgreich bestanden<\/strong><br \/><strong>Hoher Besuch aus K\u00f6ln machte seine Aufwartung<\/strong><\/p><p>Bei der diesj\u00e4hrigen Kindersitzung in der Aula zu Lechenich war jeder Stuhl besetzt. Mit gro\u00dfen Erwartungen und gleichgro\u00dfer Freude konnten sich die Kindersitzungspr\u00e4sidentinnen Maja Rader und Lena Metzmacher gemeinsam mit Ihrem Elferrat auf die Veranstaltung freuen und hatten nicht zu viel versprochen. Bei der rappelvollen Aula und einer Megastimmung wurde wie immer zuerst mit der Kinder- und Jugendtanzgarde\/Funkengarde ruut wie\u00df der Lechenicher Narrenzunft das Eis gebrochen und bereitete einen grandiosen Auftritt des K\u00f6lner Kinderdreigestirns mit Ole Schloenbach und Philippa Eggerath in der Aula den raderdollen P\u00e4nz. Philippa Eggerath ist ein Kind aus Lechenich und seit Geburt Mitglied der LNZ. Leider war Bauer Anton Kewitz erkrankt. Dreigestirn und Gefolge stellte sich souver\u00e4n den Lechenicher P\u00e4nz vor. Mit flotten Tanzeinlagen konnte sie angef\u00fchrt unterst\u00fctzt durch die F\u00fchrerin des Dreigestirns Gloria van Buuren-Wiese die Herzen der versammelten Narrenschar er\u00f6ffnen. Die anschlie\u00dfenden Auff\u00fchrungen von Kindergarten Kilian, Nordschule und S\u00fcdschule mit teilweise \u00fcber 150 P\u00e4nz auf der B\u00fchne, verzauberten mit staunenden Blicken die Aula-Arena teilweise in eine mystische Atmosph\u00e4re die keine W\u00fcnsche offenlassen konnte. Tom Lehel war mit einer gro\u00dfen einst\u00fcndigen Einlage mit Gesang, Parodie, Polonaise, wie immer mit seiner Assistentin im Saal und auf der B\u00fchne und nahm alle Kinder der Sitzung auf dem gro\u00dfen Narrenschiff der LNZ mit. Schlie\u00dflich wurde die Schlusspolonaise mit der Verteilung von mehreren Kuscheltieren nach vorheriger Ank\u00fcndigung beendet. Im n\u00e4chsten Jahr feiern wir im Festzelt auf dem Sportplatz, wo fast 1000 Zuschauer die M\u00f6glichkeit haben die Kindersitzung der LNZ zu besuchen. Herzlichen Dank nochmal an die Sitzungspr\u00e4sidentinnen und den Elferrat, die ihre Sache erstmalig alleine ohne weitere Unterst\u00fctzung souver\u00e4n auf der B\u00fchne darstellen konnten.<\/p><p>K\u00f6lner Kinderdreigestirn angef\u00fchrt von Prinz Ole Schloenbach, in Begleitung von der Jungfrau Philippa Eggerath mit schwungvollem Auftritt<\/p><p>\u00a0<\/p>\t\t\t\t\t\t\t\t<\/div>\n\t\t\t\t<\/div>\n\t\t\t\t<div class=\"elementor-element elementor-element-1a2b6bf elementor-widget elementor-widget-image\" data-id=\"1a2b6bf\" data-element_type=\"widget\" data-widget_type=\"image.default\">\n\t\t\t\t<div class=\"elementor-widget-container\">\n\t\t\t\t\t\t\t\t\t\t\t\t\t\t\t<img fetchpriority=\"high\" decoding=\"async\" width=\"800\" height=\"534\" src=\"https:\/\/www.lechenicher-narrenzunft.de\/wp-content\/uploads\/2024\/11\/MG_3396-1024x683.jpg\" class=\"attachment-large size-large wp-image-1255\" alt=\"\" srcset=\"https:\/\/www.lechenicher-narrenzunft.de\/wp-content\/uploads\/2024\/11\/MG_3396-1024x683.jpg 1024w, https:\/\/www.lechenicher-narrenzunft.de\/wp-content\/uploads\/2024\/11\/MG_3396-300x200.jpg 300w, https:\/\/www.lechenicher-narrenzunft.de\/wp-content\/uploads\/2024\/11\/MG_3396-768x512.jpg 768w, https:\/\/www.lechenicher-narrenzunft.de\/wp-content\/uploads\/2024\/11\/MG_3396-1536x1024.jpg 1536w, https:\/\/www.lechenicher-narrenzunft.de\/wp-content\/uploads\/2024\/11\/MG_3396-2048x1365.jpg 2048w\" sizes=\"(max-width: 800px) 100vw, 800px\" \/>\t\t\t\t\t\t\t\t\t\t\t\t\t\t\t<\/div>\n\t\t\t\t<\/div>\n\t\t\t\t\t<\/div>\n\t\t\t\t<\/div>\n\t\t\t\t<\/div>\n\t\t","protected":false},"excerpt":{"rendered":"<p>Die Sitzungspr\u00e4sidentinnen Maja Rader und Lena Metzmacher (v.l.) bei der Begr\u00fc\u00dfung der rappelvollen Aula \u201eDeb\u00fctveranstaltung\u201c der neuen Pr\u00e4sidentinnen erfolgreich bestandenHoher Besuch aus K\u00f6ln machte seine Aufwartung Bei der diesj\u00e4hrigen Kindersitzung in der Aula zu Lechenich war jeder Stuhl besetzt. Mit gro\u00dfen Erwartungen und gleichgro\u00dfer Freude konnten sich die Kindersitzungspr\u00e4sidentinnen Maja Rader und Lena Metzmacher gemeinsam [&hellip;]<\/p>\n","protected":false},"author":3,"featured_media":1256,"comment_status":"open","ping_status":"open","sticky":false,"template":"","format":"standard","meta":{"footnotes":""},"categories":[10],"tags":[],"class_list":["post-1261","post","type-post","status-publish","format-standard","has-post-thumbnail","hentry","category-presse"],"_links":{"self":[{"href":"https:\/\/www.lechenicher-narrenzunft.de\/index.php\/wp-json\/wp\/v2\/posts\/1261","targetHints":{"allow":["GET"]}}],"collection":[{"href":"https:\/\/www.lechenicher-narrenzunft.de\/index.php\/wp-json\/wp\/v2\/posts"}],"about":[{"href":"https:\/\/www.lechenicher-narrenzunft.de\/index.php\/wp-json\/wp\/v2\/types\/post"}],"author":[{"embeddable":true,"href":"https:\/\/www.lechenicher-narrenzunft.de\/index.php\/wp-json\/wp\/v2\/users\/3"}],"replies":[{"embeddable":true,"href":"https:\/\/www.lechenicher-narrenzunft.de\/index.php\/wp-json\/wp\/v2\/comments?post=1261"}],"version-history":[{"count":4,"href":"https:\/\/www.lechenicher-narrenzunft.de\/index.php\/wp-json\/wp\/v2\/posts\/1261\/revisions"}],"predecessor-version":[{"id":1265,"href":"https:\/\/www.lechenicher-narrenzunft.de\/index.php\/wp-json\/wp\/v2\/posts\/1261\/revisions\/1265"}],"wp:featuredmedia":[{"embeddable":true,"href":"https:\/\/www.lechenicher-narrenzunft.de\/index.php\/wp-json\/wp\/v2\/media\/1256"}],"wp:attachment":[{"href":"https:\/\/www.lechenicher-narrenzunft.de\/index.php\/wp-json\/wp\/v2\/media?parent=1261"}],"wp:term":[{"taxonomy":"category","embeddable":true,"href":"https:\/\/www.lechenicher-narrenzunft.de\/index.php\/wp-json\/wp\/v2\/categories?post=1261"},{"taxonomy":"post_tag","embeddable":true,"href":"https:\/\/www.lechenicher-narrenzunft.de\/index.php\/wp-json\/wp\/v2\/tags?post=1261"}],"curies":[{"name":"wp","href":"https:\/\/api.w.org\/{rel}","templated":true}]}}