{"id":1423,"date":"2025-03-31T13:18:36","date_gmt":"2025-03-31T13:18:36","guid":{"rendered":"https:\/\/www.lechenicher-narrenzunft.de\/?p=1423"},"modified":"2025-03-31T13:18:36","modified_gmt":"2025-03-31T13:18:36","slug":"lnz-stellt-zug-und-sessionsmotto-vor","status":"publish","type":"post","link":"https:\/\/www.lechenicher-narrenzunft.de\/index.php\/2025\/03\/31\/lnz-stellt-zug-und-sessionsmotto-vor\/","title":{"rendered":"LNZ stellt Zug- und Sessionsmotto vor"},"content":{"rendered":"\n<p>Im Rahmen der letzten Vorstandssitzung wurde auch auf Vorschlag der Wagenbaugemeinschaft das Zugmotto f\u00fcr die kommende Session 2025\/2026 vorgestellt. Traditionell \u00fcbernimmt die LNZ das Motto auch als Sessionsmotto zumal die Traditionsgesellschaft in der n\u00e4chsten Session ihr 90. j\u00e4hriges Vereinsjubil\u00e4um feiert. Wie LNZ Pr\u00e4sident Michael Schmalen mitteilt, lautet das neue Zug- und Sessionsmotto: <strong><u>Mir zosamme f\u00f6r Lechenich-zick 90 Johr.<\/u><\/strong><\/p>\n\n\n\n<p>Foto: v.l.n.r.: die Spitze der Wagenbaugemeinschaft mit LNZ Pr\u00e4sident Michael Schmalen. Markus Schmalen (Zugleiter), Mirko Kautz (Abteilungsleiter) Michael Schmalen, Lukas zepp (Gesch\u00e4ftsf\u00fchrer der Wagenbaugemeinschaft)<\/p>\n\n\n\n<p>Foto von: LNZ<\/p>\n","protected":false},"excerpt":{"rendered":"<p>Im Rahmen der letzten Vorstandssitzung wurde auch auf Vorschlag der Wagenbaugemeinschaft das Zugmotto f\u00fcr die kommende Session 2025\/2026 vorgestellt. Traditionell \u00fcbernimmt die LNZ das Motto auch als Sessionsmotto zumal die Traditionsgesellschaft in der n\u00e4chsten Session ihr 90. j\u00e4hriges Vereinsjubil\u00e4um feiert. Wie LNZ Pr\u00e4sident Michael Schmalen mitteilt, lautet das neue Zug- und Sessionsmotto: Mir zosamme f\u00f6r [&hellip;]<\/p>\n","protected":false},"author":3,"featured_media":1410,"comment_status":"open","ping_status":"open","sticky":false,"template":"","format":"standard","meta":{"footnotes":""},"categories":[10],"tags":[],"class_list":["post-1423","post","type-post","status-publish","format-standard","has-post-thumbnail","hentry","category-presse"],"_links":{"self":[{"href":"https:\/\/www.lechenicher-narrenzunft.de\/index.php\/wp-json\/wp\/v2\/posts\/1423","targetHints":{"allow":["GET"]}}],"collection":[{"href":"https:\/\/www.lechenicher-narrenzunft.de\/index.php\/wp-json\/wp\/v2\/posts"}],"about":[{"href":"https:\/\/www.lechenicher-narrenzunft.de\/index.php\/wp-json\/wp\/v2\/types\/post"}],"author":[{"embeddable":true,"href":"https:\/\/www.lechenicher-narrenzunft.de\/index.php\/wp-json\/wp\/v2\/users\/3"}],"replies":[{"embeddable":true,"href":"https:\/\/www.lechenicher-narrenzunft.de\/index.php\/wp-json\/wp\/v2\/comments?post=1423"}],"version-history":[{"count":1,"href":"https:\/\/www.lechenicher-narrenzunft.de\/index.php\/wp-json\/wp\/v2\/posts\/1423\/revisions"}],"predecessor-version":[{"id":1424,"href":"https:\/\/www.lechenicher-narrenzunft.de\/index.php\/wp-json\/wp\/v2\/posts\/1423\/revisions\/1424"}],"wp:featuredmedia":[{"embeddable":true,"href":"https:\/\/www.lechenicher-narrenzunft.de\/index.php\/wp-json\/wp\/v2\/media\/1410"}],"wp:attachment":[{"href":"https:\/\/www.lechenicher-narrenzunft.de\/index.php\/wp-json\/wp\/v2\/media?parent=1423"}],"wp:term":[{"taxonomy":"category","embeddable":true,"href":"https:\/\/www.lechenicher-narrenzunft.de\/index.php\/wp-json\/wp\/v2\/categories?post=1423"},{"taxonomy":"post_tag","embeddable":true,"href":"https:\/\/www.lechenicher-narrenzunft.de\/index.php\/wp-json\/wp\/v2\/tags?post=1423"}],"curies":[{"name":"wp","href":"https:\/\/api.w.org\/{rel}","templated":true}]}}