{"id":1736,"date":"2026-01-05T13:30:18","date_gmt":"2026-01-05T13:30:18","guid":{"rendered":"https:\/\/www.lechenicher-narrenzunft.de\/?p=1736"},"modified":"2026-01-05T13:30:18","modified_gmt":"2026-01-05T13:30:18","slug":"erfolgreiche-hofburgeroeffnung-im-roys-gambrinus","status":"publish","type":"post","link":"https:\/\/www.lechenicher-narrenzunft.de\/index.php\/2026\/01\/05\/erfolgreiche-hofburgeroeffnung-im-roys-gambrinus\/","title":{"rendered":"Erfolgreiche Hofburger\u00f6ffnung im Roys Gambrinus"},"content":{"rendered":"\n<pre class=\"wp-block-preformatted\"> <\/pre>\n\n\n\n<pre class=\"wp-block-preformatted\">Bis in den fr\u00fchen Abend hinein wurde heute die Hofburg unseres Lechenicher Dreigestirns im Roys Gambrinus feierlich er\u00f6ffnet.\nAngef\u00fchrt von Prinz Mirko I., Bauer Tobi und Jungfrau Maike startete das Dreigestirn samt Gefolge offiziell in die neue Session.\n\nZu den zahlreichen G\u00e4sten z\u00e4hlten unter anderem Michael Schmalen, Pr\u00e4sident der Lechenicher Narrenzunft, der Gesch\u00e4ftsf\u00fchrende Vorstand, Pastor Hans-Peter Kippels sowie das Dirmerzheimer Kinderdreigestirn.\n\nEin besonderer Moment war der Dank des Dreigestirns an Menschen, die im Hintergrund Gro\u00dfartiges geleistet haben:\nHierzu z\u00e4hlen:\nSandra Burrenkopf, die f\u00fcr die komplette Choreografie und B\u00fchnenpr\u00e4senz des Dreigestirns samt Gefolge verantwortlich ist. Frau Schoppen, die sich um die liebevolle \u201eOptimierung\u201c der Ornate gek\u00fcmmert hat, sowie es Michaela und Frank Beyenburg (Firma Kox &amp; Beyenburg) f\u00fcr das gro\u00dfz\u00fcgige Sponsoring der eigenen Standarte. \n\nEin rundum gelungener Start in die Session, perfekt abgerundet durch die tolle Bewirtung des Teams von Roys Gambrinus.\n\nTerminank\u00fcndigung:\nAm kommenden Freitag, den 09.01.2026 ab 18 Uhr steigt die Hofburgparty!\n\nDas Dreigestirn freut sich auf euer Kommen \u2013 seid dabei!\n\nFoto: Lechenicher Dreigestirn 2025\/2026 mit gro\u00dfem Gefolge.\n\nFoto von: Reiner Brock \/ LNZ\n<\/pre>\n\n\n\n<p><\/p>\n","protected":false},"excerpt":{"rendered":"<p>Bis in den fr\u00fchen Abend hinein wurde heute die Hofburg unseres Lechenicher Dreigestirns im Roys Gambrinus feierlich er\u00f6ffnet. Angef\u00fchrt von Prinz Mirko I., Bauer Tobi und Jungfrau Maike startete das Dreigestirn samt Gefolge offiziell in die neue Session. Zu den zahlreichen G\u00e4sten z\u00e4hlten unter anderem Michael Schmalen, Pr\u00e4sident der Lechenicher Narrenzunft, der Gesch\u00e4ftsf\u00fchrende Vorstand, Pastor [&hellip;]<\/p>\n","protected":false},"author":3,"featured_media":1737,"comment_status":"open","ping_status":"open","sticky":false,"template":"","format":"standard","meta":{"footnotes":""},"categories":[10],"tags":[],"class_list":["post-1736","post","type-post","status-publish","format-standard","has-post-thumbnail","hentry","category-presse"],"_links":{"self":[{"href":"https:\/\/www.lechenicher-narrenzunft.de\/index.php\/wp-json\/wp\/v2\/posts\/1736","targetHints":{"allow":["GET"]}}],"collection":[{"href":"https:\/\/www.lechenicher-narrenzunft.de\/index.php\/wp-json\/wp\/v2\/posts"}],"about":[{"href":"https:\/\/www.lechenicher-narrenzunft.de\/index.php\/wp-json\/wp\/v2\/types\/post"}],"author":[{"embeddable":true,"href":"https:\/\/www.lechenicher-narrenzunft.de\/index.php\/wp-json\/wp\/v2\/users\/3"}],"replies":[{"embeddable":true,"href":"https:\/\/www.lechenicher-narrenzunft.de\/index.php\/wp-json\/wp\/v2\/comments?post=1736"}],"version-history":[{"count":1,"href":"https:\/\/www.lechenicher-narrenzunft.de\/index.php\/wp-json\/wp\/v2\/posts\/1736\/revisions"}],"predecessor-version":[{"id":1738,"href":"https:\/\/www.lechenicher-narrenzunft.de\/index.php\/wp-json\/wp\/v2\/posts\/1736\/revisions\/1738"}],"wp:featuredmedia":[{"embeddable":true,"href":"https:\/\/www.lechenicher-narrenzunft.de\/index.php\/wp-json\/wp\/v2\/media\/1737"}],"wp:attachment":[{"href":"https:\/\/www.lechenicher-narrenzunft.de\/index.php\/wp-json\/wp\/v2\/media?parent=1736"}],"wp:term":[{"taxonomy":"category","embeddable":true,"href":"https:\/\/www.lechenicher-narrenzunft.de\/index.php\/wp-json\/wp\/v2\/categories?post=1736"},{"taxonomy":"post_tag","embeddable":true,"href":"https:\/\/www.lechenicher-narrenzunft.de\/index.php\/wp-json\/wp\/v2\/tags?post=1736"}],"curies":[{"name":"wp","href":"https:\/\/api.w.org\/{rel}","templated":true}]}}