{"id":1854,"date":"2026-04-28T13:18:41","date_gmt":"2026-04-28T13:18:41","guid":{"rendered":"https:\/\/www.lechenicher-narrenzunft.de\/?p=1854"},"modified":"2026-04-28T13:18:41","modified_gmt":"2026-04-28T13:18:41","slug":"lnz-besucht-jahreshauptversammlung","status":"publish","type":"post","link":"https:\/\/www.lechenicher-narrenzunft.de\/index.php\/2026\/04\/28\/lnz-besucht-jahreshauptversammlung\/","title":{"rendered":"LNZ besucht Jahreshauptversammlung"},"content":{"rendered":"\n<pre class=\"wp-block-preformatted\">\n\nDie ordentliche Jahreshauptversammlung des Karnevalsverbandes Rhein-Erft 1957 e.V. (KRE) fand auch in diesem Jahr wieder im Bruderschaftshaus in Gymnich statt. KRE Verbandspr\u00e4sident Wolfgang Schreck begr\u00fc\u00dfte insgesamt 35 der 158 Mitgliedsvereine im Verbandsgebiet. Die Lechenicher Narrenzunft 1936\ne.V. (LNZ) wurde durch ihren Pr\u00e4sidenten Michael Schmalen vertreten. Neben den verschiedenen Jahresberichten gab es auch diverse Erg\u00e4nzungswahlen zum Vorstand. Weitere Berichte sowie die Vorstandsentlastung werden Gegenstand einer weiteren Versammlung sein. Wie Wolfgang Schreck ausf\u00fchrte machen den Vereinen erh\u00f6hte Auflagen der St\u00e4dte, Sicherheitskonzepte, geringere Auslastungen der Veranstaltungsr\u00e4ume stetig steigende Kosten f\u00fcr Personal, GEMA, Veranstaltungstechnik und K\u00fcnstler stark zu schaffen. Insgesamt so Michael Schmalen sei sein Eindruck das die Karnevalsgesellschaften im Kreisgebiet noch gut aufgestellt sind und ein hohes ehrenamtliches Engagement sowie vielf\u00e4ltige soziale Ma\u00dfnahmen leisten.\n\nFoto: Michael Schmalen, Wolfgang Schreck\n\nFoto von: Privat\/KRE\n  <\/pre>\n\n\n\n<p><\/p>\n","protected":false},"excerpt":{"rendered":"<p>Die ordentliche Jahreshauptversammlung des Karnevalsverbandes Rhein-Erft 1957 e.V. (KRE) fand auch in diesem Jahr wieder im Bruderschaftshaus in Gymnich statt. KRE Verbandspr\u00e4sident Wolfgang Schreck begr\u00fc\u00dfte insgesamt 35 der 158 Mitgliedsvereine im Verbandsgebiet. Die Lechenicher Narrenzunft 1936 e.V. (LNZ) wurde durch ihren Pr\u00e4sidenten Michael Schmalen vertreten. Neben den verschiedenen Jahresberichten gab es auch diverse Erg\u00e4nzungswahlen zum [&hellip;]<\/p>\n","protected":false},"author":3,"featured_media":1855,"comment_status":"open","ping_status":"open","sticky":false,"template":"","format":"standard","meta":{"footnotes":""},"categories":[10],"tags":[],"class_list":["post-1854","post","type-post","status-publish","format-standard","has-post-thumbnail","hentry","category-presse"],"_links":{"self":[{"href":"https:\/\/www.lechenicher-narrenzunft.de\/index.php\/wp-json\/wp\/v2\/posts\/1854","targetHints":{"allow":["GET"]}}],"collection":[{"href":"https:\/\/www.lechenicher-narrenzunft.de\/index.php\/wp-json\/wp\/v2\/posts"}],"about":[{"href":"https:\/\/www.lechenicher-narrenzunft.de\/index.php\/wp-json\/wp\/v2\/types\/post"}],"author":[{"embeddable":true,"href":"https:\/\/www.lechenicher-narrenzunft.de\/index.php\/wp-json\/wp\/v2\/users\/3"}],"replies":[{"embeddable":true,"href":"https:\/\/www.lechenicher-narrenzunft.de\/index.php\/wp-json\/wp\/v2\/comments?post=1854"}],"version-history":[{"count":1,"href":"https:\/\/www.lechenicher-narrenzunft.de\/index.php\/wp-json\/wp\/v2\/posts\/1854\/revisions"}],"predecessor-version":[{"id":1856,"href":"https:\/\/www.lechenicher-narrenzunft.de\/index.php\/wp-json\/wp\/v2\/posts\/1854\/revisions\/1856"}],"wp:featuredmedia":[{"embeddable":true,"href":"https:\/\/www.lechenicher-narrenzunft.de\/index.php\/wp-json\/wp\/v2\/media\/1855"}],"wp:attachment":[{"href":"https:\/\/www.lechenicher-narrenzunft.de\/index.php\/wp-json\/wp\/v2\/media?parent=1854"}],"wp:term":[{"taxonomy":"category","embeddable":true,"href":"https:\/\/www.lechenicher-narrenzunft.de\/index.php\/wp-json\/wp\/v2\/categories?post=1854"},{"taxonomy":"post_tag","embeddable":true,"href":"https:\/\/www.lechenicher-narrenzunft.de\/index.php\/wp-json\/wp\/v2\/tags?post=1854"}],"curies":[{"name":"wp","href":"https:\/\/api.w.org\/{rel}","templated":true}]}}