{"id":1857,"date":"2026-04-29T13:51:33","date_gmt":"2026-04-29T13:51:33","guid":{"rendered":"https:\/\/www.lechenicher-narrenzunft.de\/?p=1857"},"modified":"2026-04-29T13:53:43","modified_gmt":"2026-04-29T13:53:43","slug":"schlagerstar-ross-antony-kommt-zum-promenadenfest","status":"publish","type":"post","link":"https:\/\/www.lechenicher-narrenzunft.de\/index.php\/2026\/04\/29\/schlagerstar-ross-antony-kommt-zum-promenadenfest\/","title":{"rendered":"Schlagerstar Ross Antony kommt zum Promenadenfest"},"content":{"rendered":"\n<p>Einen hochkar\u00e4tigen Gast kann die Lechenicher Narrenzunft 1936 e.V. (LNZ) beim diesj\u00e4hrigen Promenadenfest aufbieten. Wie LNZ Pr\u00e4sident Michael Schmalen hierzu mitteilt, kommt der bekannte Schlagers\u00e4nger und Entertainer Ross Antony nach Lechenich. Er wird am Sonntag, 6.9.2026 am sp\u00e4ten Nachmittag auf der B\u00fchne im Bereich des Stadtweihers erwartet und die G\u00e4ste rund eine Stunde lang mit seinen Hits begeistern. Urspr\u00fcnglich war ein gro\u00dfer Schlagerabend im Festzelt am 3.2.2026 geplant, dieser musste leider abgesagt werden. Mallorca Star Anna-Maria Zimmermann die ebenfalls zum Schlagerabend kommen sollte, wird ihren Auftritt dann beim Promenadenfest 2027 nachholen. Schmalen: wir sind sehr froh, das wir mit beiden K\u00fcnstlern vertragliche Vereinbarungen treffen konnten, so bekommen die Besucher in diesem und auch im n\u00e4chsten Jahr, bei freiem Eintritt, etwas besonderes geboten.. Aktuelle Informationen werden \u00fcber die lokalen und digitalen Medien bekanntgegeben.www.lnz.de<\/p>\n\n\n\n<p>Foto: Ross Antony<\/p>\n\n\n\n<p>Foto von: Astrid M\u00f6ller<\/p>\n","protected":false},"excerpt":{"rendered":"<p>Einen hochkar\u00e4tigen Gast kann die Lechenicher Narrenzunft 1936 e.V. (LNZ) beim diesj\u00e4hrigen Promenadenfest aufbieten. Wie LNZ Pr\u00e4sident Michael Schmalen hierzu mitteilt, kommt der bekannte Schlagers\u00e4nger und Entertainer Ross Antony nach Lechenich. Er wird am Sonntag, 6.9.2026 am sp\u00e4ten Nachmittag auf der B\u00fchne im Bereich des Stadtweihers erwartet und die G\u00e4ste rund eine Stunde lang mit [&hellip;]<\/p>\n","protected":false},"author":3,"featured_media":1858,"comment_status":"open","ping_status":"open","sticky":false,"template":"","format":"standard","meta":{"footnotes":""},"categories":[10],"tags":[],"class_list":["post-1857","post","type-post","status-publish","format-standard","has-post-thumbnail","hentry","category-presse"],"_links":{"self":[{"href":"https:\/\/www.lechenicher-narrenzunft.de\/index.php\/wp-json\/wp\/v2\/posts\/1857","targetHints":{"allow":["GET"]}}],"collection":[{"href":"https:\/\/www.lechenicher-narrenzunft.de\/index.php\/wp-json\/wp\/v2\/posts"}],"about":[{"href":"https:\/\/www.lechenicher-narrenzunft.de\/index.php\/wp-json\/wp\/v2\/types\/post"}],"author":[{"embeddable":true,"href":"https:\/\/www.lechenicher-narrenzunft.de\/index.php\/wp-json\/wp\/v2\/users\/3"}],"replies":[{"embeddable":true,"href":"https:\/\/www.lechenicher-narrenzunft.de\/index.php\/wp-json\/wp\/v2\/comments?post=1857"}],"version-history":[{"count":1,"href":"https:\/\/www.lechenicher-narrenzunft.de\/index.php\/wp-json\/wp\/v2\/posts\/1857\/revisions"}],"predecessor-version":[{"id":1859,"href":"https:\/\/www.lechenicher-narrenzunft.de\/index.php\/wp-json\/wp\/v2\/posts\/1857\/revisions\/1859"}],"wp:featuredmedia":[{"embeddable":true,"href":"https:\/\/www.lechenicher-narrenzunft.de\/index.php\/wp-json\/wp\/v2\/media\/1858"}],"wp:attachment":[{"href":"https:\/\/www.lechenicher-narrenzunft.de\/index.php\/wp-json\/wp\/v2\/media?parent=1857"}],"wp:term":[{"taxonomy":"category","embeddable":true,"href":"https:\/\/www.lechenicher-narrenzunft.de\/index.php\/wp-json\/wp\/v2\/categories?post=1857"},{"taxonomy":"post_tag","embeddable":true,"href":"https:\/\/www.lechenicher-narrenzunft.de\/index.php\/wp-json\/wp\/v2\/tags?post=1857"}],"curies":[{"name":"wp","href":"https:\/\/api.w.org\/{rel}","templated":true}]}}